{"id":2026,"date":"2021-04-17T17:02:03","date_gmt":"2021-04-17T15:02:03","guid":{"rendered":"https:\/\/xn--lkarstudent-l8a.se\/press\/?p=2026"},"modified":"2021-04-17T17:08:36","modified_gmt":"2021-04-17T15:08:36","slug":"farre-forstahandssokande-lakarprogram","status":"publish","type":"post","link":"https:\/\/xn--lkarstudent-l8a.se\/press\/2021\/04\/farre-forstahandssokande-lakarprogram\/","title":{"rendered":"F\u00e4rre f\u00f6rstahandss\u00f6kande till l\u00e4karprogram"},"content":{"rendered":"<p>Pandemieffekten p\u00e5 antalet ans\u00f6kningar till l\u00e4karprogrammen b\u00f6rjar klinga av. Detta framg\u00e5r av <a href=\"https:\/\/www.uhr.se\/om-uhr\/nyheter\/pressmeddelanden\/2021-pressmeddelanden\/nytt-rekord-for-antal-anmalda-till-hogskolan\/\">statistik fr\u00e5n UHR<\/a> inf\u00f6r h\u00f6stterminen 2021.<\/p>\n<p>Visserligen \u00f6kade l\u00e4karprogrammens totala antal ans\u00f6kningar n\u00e5got, j\u00e4mf\u00f6rt med f\u00f6rra h\u00f6stterminen, men antalet f\u00f6rstahandss\u00f6kande minskade med n\u00e4rmare tre procent fr\u00e5n det tidigare rekordantalet. Detta trots att antalet ans\u00f6kande till h\u00f6gre utbildningar samtidigt \u00f6kade med ungef\u00e4r tre procent. Andelen som ans\u00f6kte med n\u00e5got l\u00e4karprogram som f\u00f6rstahandsval minskade d\u00e4rmed, fr\u00e5n var 25:e till var 26:e.<\/p>\n<p>&#8211; V\u00e4ndningen ned\u00e5t var inte ov\u00e4ntad. L\u00e4karyrket fick s\u00e4rskilt god publicitet under pandemins utbrott men det \u00e4r \u00f6verg\u00e5ende, liksom effekterna d\u00e4rav p\u00e5 ans\u00f6kningarna. <a href=\"https:\/\/www.facebook.com\/lakarstudent.se\/posts\/3932299196781791\">En avmattning s\u00e5gs redan inf\u00f6r v\u00e5rterminen 2021<\/a>, s\u00e4ger Nils Karlsson som driver sajten l\u00e4karstudent.se.<br \/>\n&#8211; Ett stort fr\u00e5getecken g\u00e4ller det nya sex\u00e5riga l\u00e4karprogrammet. <em>Ifall<\/em> m\u00e5nga v\u00e4ntade tills nu med att ans\u00f6ka, f\u00f6r att f\u00e5 l\u00e4karlegitimation vid examen, har konkurrensen om platserna d\u00e4mpats de senaste antagningarna och f\u00f6rst\u00e4rkts under denna. D\u00e5 vore pandemins publicitetseffekt p\u00e5 s\u00f6ktrycket st\u00f6rre \u00e4n vad som syntes, samtidigt som s\u00f6ktrycket skulle ha fallit \u00e4nnu mer inf\u00f6r denna h\u00f6sttermin. D\u00e5 kan s\u00f6ktrycket falla \u00e4nnu mer n\u00e4sta \u00e5r, forts\u00e4tter Nils.<br \/>\n&#8211; Konjunktureffekten p\u00e5 s\u00f6ktrycket l\u00e4r dock best\u00e5 tills arbetsmarknaden har \u00e5terh\u00e4mtat sig, vilket kan dr\u00f6ja m\u00e5nga \u00e5r, avslutar Nils.<\/p>\n<p>Diagrammen nedanf\u00f6r visar hur antalen ans\u00f6kningar till l\u00e4karprogram har utvecklats sedan \u00e5r 2001. V\u00e5rterminerna har utel\u00e4mnats f\u00f6r att underl\u00e4tta j\u00e4mf\u00f6relser \u00f6ver tid.<\/p>\n<p><script type=\"text\/javascript\">\nfunction ht(val,axis) {\n\tval = val - Math.floor(val\/100)*100\n\tvar semester = \"\"\n\tif (val-Math.floor(val) == 0) {\n\t\tsemester = \"HT\"\n\t}\n\tval = Math.floor(val)\n\tif(val < 10) {semester += \"0\"}\n\treturn semester+val\n}\nvar options = {\nseries: { lines: { show: true }, points: { show: true } },\ngrid: { hoverable: true, clickable: true },\nlegend: { position: \"nw\", noColumns: 1 },\nxaxis: { min: 2001, startOnTick: true, tickSize: 2, tickFormatter: ht },\nyaxis: { min: 15000 }\n};\n\noptions.yaxis.min = 3000;\noptions.yaxis.max = 9000;\nvar press20210417a = {\n'primus': {color: '#005293', label: 'F\u00f6rstahandsans\u00f6kningar', data: [[2001,3509],[2002,3772],[2003,4124],[2004,4213],[2005,4399],[2006,4264],[2007,4358],[2008,4829],[2009,5345],[2010,6209],[2011,5652],[2012,5817],[2013,6049],[2014,6971],[2015,6740],[2016,6632],[2017,6593],[2018,6486],[2019,6369],[2020,8066],[2021,7852]]}\n};\nflot_this('press20210417a')\n\noptions.yaxis.min = 15000;\noptions.yaxis.max = 40000;\nvar press20210417b = {\n'populatio': {color: '#005293', label: 'Totalt antal ans\u00f6kningar', data: [[2001,15840],[2002,16489],[2003,18124],[2004,18276],[2005,19191],[2006,19019],[2007,21103],[2008,24066],[2009,27237],[2010,30955],[2011,31580],[2012,32752],[2013,34418],[2014,38796],[2015,36829],[2016,35795],[2017,35237],[2018,33986],[2019,30819],[2020,37775],[2021,37991]]}\n};\nflot_this('press20210417b')\n\n<\/script><\/p>\n<p>S\u00e4rskilda h\u00e4ndelser under tidsperioden:<\/p>\n<ul>\n<li>\u00c5r 2006 skapades det som senare blev l\u00e4karstudent.se, d\u00e5 som nu med missionen att sprida kunskap om antagning till l\u00e4karstudier.<\/li>\n<li>\u00c5r 2011 tillkommer l\u00e4karprogrammet vid \u00d6rebro universitet.<\/li>\n<li>\u00c5r 2014 var f\u00f6rsta ans\u00f6kningstillf\u00e4llena efter <a href=\"https:\/\/www.aftonbladet.se\/nyheter\/a\/oR9gQg\/rekordlatt-komma-in-pa-lakarlinjerna\">Aftonbladets artikel<\/a>.<\/li>\n<li>\u00c5r 2018 var <a href=\"https:\/\/www.facebook.com\/lakarstudent.se\/posts\/3307481789263538\">utl\u00e4ndsk bakgrund inte l\u00e4ngre underrepresenterad bland nya l\u00e4karstudenter<\/a>.<\/li>\n<li>\u00c5r 2020 s\u00e5gs <a href=\"\/press\/2020\/04\/rekordmanga-ansokte-till-lakarprogram-i-forsta-hand\/\">rekordm\u00e5nga f\u00f6rstahandss\u00f6kande till l\u00e4karprogrammet<\/a> till f\u00f6ljd av covid-19-pandemin.<\/li>\n<li>\u00c5r 2021 h\u00e5lls f\u00f6rsta antagningen till det nya sex\u00e5riga l\u00e4karprogrammet.<\/li>\n<\/ul>\n<p>F\u00f6r vidare l\u00e4sning:<br \/>\n<a href=\"https:\/\/www.uhr.se\/om-uhr\/nyheter\/pressmeddelanden\/2021-pressmeddelanden\/nytt-rekord-for-antal-anmalda-till-hogskolan\/\">UHR: \"Nytt rekord f\u00f6r antal anm\u00e4lda till h\u00f6gskolan\"<\/a><br \/>\n<a href=\"\/antagning\/sverige\/#antal_ansokande\">l\u00e4karstudent.se: ans\u00f6kningsstatistik f\u00f6r l\u00e4karprogram<\/a><\/p>\n","protected":false},"excerpt":{"rendered":"<p>Pandemieffekten p\u00e5 antalet ans\u00f6kningar till l\u00e4karprogrammen b\u00f6rjar klinga av. Detta framg\u00e5r av statistik fr\u00e5n UHR inf\u00f6r h\u00f6stterminen 2021. Visserligen \u00f6kade l\u00e4karprogrammens totala antal ans\u00f6kningar n\u00e5got, j\u00e4mf\u00f6rt med f\u00f6rra h\u00f6stterminen, men antalet f\u00f6rstahandss\u00f6kande minskade med n\u00e4rmare tre procent fr\u00e5n det tidigare &hellip; <a href=\"https:\/\/xn--lkarstudent-l8a.se\/press\/2021\/04\/farre-forstahandssokande-lakarprogram\/\">L\u00e4s mer <span class=\"meta-nav\">&rarr;<\/span><\/a><\/p>\n","protected":false},"author":1,"featured_media":0,"comment_status":"closed","ping_status":"closed","sticky":false,"template":"","format":"standard","meta":[],"categories":[5],"tags":[],"_links":{"self":[{"href":"https:\/\/xn--lkarstudent-l8a.se\/press\/wp-json\/wp\/v2\/posts\/2026"}],"collection":[{"href":"https:\/\/xn--lkarstudent-l8a.se\/press\/wp-json\/wp\/v2\/posts"}],"about":[{"href":"https:\/\/xn--lkarstudent-l8a.se\/press\/wp-json\/wp\/v2\/types\/post"}],"author":[{"embeddable":true,"href":"https:\/\/xn--lkarstudent-l8a.se\/press\/wp-json\/wp\/v2\/users\/1"}],"replies":[{"embeddable":true,"href":"https:\/\/xn--lkarstudent-l8a.se\/press\/wp-json\/wp\/v2\/comments?post=2026"}],"version-history":[{"count":17,"href":"https:\/\/xn--lkarstudent-l8a.se\/press\/wp-json\/wp\/v2\/posts\/2026\/revisions"}],"predecessor-version":[{"id":2043,"href":"https:\/\/xn--lkarstudent-l8a.se\/press\/wp-json\/wp\/v2\/posts\/2026\/revisions\/2043"}],"wp:attachment":[{"href":"https:\/\/xn--lkarstudent-l8a.se\/press\/wp-json\/wp\/v2\/media?parent=2026"}],"wp:term":[{"taxonomy":"category","embeddable":true,"href":"https:\/\/xn--lkarstudent-l8a.se\/press\/wp-json\/wp\/v2\/categories?post=2026"},{"taxonomy":"post_tag","embeddable":true,"href":"https:\/\/xn--lkarstudent-l8a.se\/press\/wp-json\/wp\/v2\/tags?post=2026"}],"curies":[{"name":"wp","href":"https:\/\/api.w.org\/{rel}","templated":true}]}}