{"id":1795,"date":"2020-04-17T02:37:33","date_gmt":"2020-04-17T00:37:33","guid":{"rendered":"http:\/\/xn--lkarstudent-l8a.se\/press\/?p=1795"},"modified":"2020-04-17T10:43:05","modified_gmt":"2020-04-17T08:43:05","slug":"rekordmanga-ansokte-till-lakarprogram-i-forsta-hand","status":"publish","type":"post","link":"https:\/\/xn--lkarstudent-l8a.se\/press\/2020\/04\/rekordmanga-ansokte-till-lakarprogram-i-forsta-hand\/","title":{"rendered":"Rekordm\u00e5nga ans\u00f6kte till l\u00e4karprogram i f\u00f6rsta hand"},"content":{"rendered":"<p>Pandemin har f\u00e5tt ans\u00f6kande att flockas till l\u00e4karprogrammet. Vid ans\u00f6kningsstoppet hade det totala antalet ans\u00f6kningar \u00f6kat med 23 % fr\u00e5n f\u00f6rra h\u00f6stterminen, och antalet med l\u00e4karprogram som f\u00f6rstahandsval slog ett nytt rekord med mycket stor marginal &#8211; fr\u00e5n 6.971 till hela 8.066.<\/p>\n<p>F\u00f6rstahandsvalen av l\u00e4karprogram \u00f6kade med 27 % fr\u00e5n f\u00f6rra h\u00f6stterminen, vilket kan j\u00e4mf\u00f6ras med att f\u00f6rstahandsvalen av programutbildningar totalt \u00f6kade med drygt 15 %. Mer \u00e4n h\u00e4lften av l\u00e4karprogrammens \u00f6kning kan allts\u00e5 f\u00f6rklaras med ett generellt \u00f6kat s\u00f6ktryck till programutbildningar. Samtidigt inneb\u00e4r \u00f6kningen att vart 25:e f\u00f6rstahandsval av n\u00e5gon programutbildning gick till n\u00e5got l\u00e4karprogram.<\/p>\n<p>Antalet icke-f\u00f6rstahandsans\u00f6kningar per f\u00f6rstahandsans\u00f6kning har, p\u00e5 bara 7 \u00e5r, fallit fr\u00e5n den tidigare toppniv\u00e5n 4,7 till dagens niv\u00e5 p\u00e5 3,7. De ans\u00f6kande kan ha blivit mindre villiga att flytta f\u00f6r l\u00e4karstudier, vilket \u00e4ven kan anas i <a href=\"http:\/\/xn--lkarstudent-l8a.se\/press\/2019\/10\/allt-farre-svenska-lakarstudenter-i-utlandet\/\">det sjunkande antalet utlandsstudenter<\/a>. Det har blivit mindre sv\u00e5rt att bli antagen p\u00e5 \u00f6nskad studieort. F\u00f6r\u00e4ndringen kan ocks\u00e5 vara ett tecken p\u00e5 att l\u00e4karprogrammet inte har samma lyster som f\u00f6rr. De senaste \u00e5ren ses en ih\u00e5llande nedg\u00e5ng som inte br\u00f6ts f\u00f6rr\u00e4n pandemin drabbade Sverige.<\/p>\n<p>Diagrammen nedanf\u00f6r visar hur antalen ans\u00f6kningar har utvecklats sedan \u00e5r 2001. F\u00f6r att underl\u00e4tta j\u00e4mf\u00f6relser \u00f6ver tid har v\u00e5rterminerna utel\u00e4mnats.<\/p>\n<ul>\n<li>\u00c5r 2002-2009 \u00f6kar antalet 19-\u00e5ringar med 33 %.<\/li>\n<li>\u00c5r 2009-2016 minskar antalet 19-\u00e5ringar till 7 % \u00f6ver 2002 \u00e5rs niv\u00e5.<\/li>\n<li>\u00c5r 2011 tillkommer l\u00e4karprogrammet vid \u00d6rebro universitet.<\/li>\n<li>\u00c5r 2014 var f\u00f6rsta ans\u00f6kningstillf\u00e4llena efter <a href=\"https:\/\/www.aftonbladet.se\/nyheter\/a\/oR9gQg\/rekordlatt-komma-in-pa-lakarlinjerna\">Aftonbladets artikel<\/a>.<\/li>\n<li>\u00c5r 2006 skapades det som senare blev l\u00e4karstudent.se, d\u00e5 som nu med spridandet av kunskap om antagning och l\u00e4karstudier som mission.<\/li>\n<\/ul>\n<p><script type=\"text\/javascript\">\nfunction ht(val,axis) {\n\tval = val - Math.floor(val\/100)*100\n\tvar semester = \"\"\n\tif (val-Math.floor(val) == 0) {\n\t\tsemester = \"HT\"\n\t}\n\tval = Math.floor(val)\n\tif(val < 10) {semester += \"0\"}\n\treturn semester+val\n}\nvar options = {\nseries: { lines: { show: true }, points: { show: true } },\ngrid: { hoverable: true, clickable: true },\nlegend: { position: \"nw\", noColumns: 1 },\nxaxis: { min: 2001, startOnTick: true, tickSize: 2, tickFormatter: ht },\nyaxis: { min: 15000 }\n};\nvar press20200416a = {\n'populatio': {color: '#005293', label: 'Totalt antal ans\u00f6kningar', data: [[2001,15840],[2002,16489],[2003,18124],[2004,18276],[2005,19191],[2006,19019],[2007,21103],[2008,24066],[2009,27237],[2010,30955],[2011,31580],[2012,32752],[2013,34418],[2014,38796],[2015,36829],[2016,35795],[2017,35237],[2018,33986],[2019,30819],[2020,37775]]}\n};\nflot_this('press20200416a')\noptions.yaxis.min = 3000;\noptions.yaxis.max = 10000;\nvar press20200416b = {\n'primus': {color: '#005293', label: 'F\u00f6rstahandsans\u00f6kningar', data: [[2001,3509],[2002,3772],[2003,4124],[2004,4213],[2005,4399],[2006,4264],[2007,4358],[2008,4829],[2009,5345],[2010,6209],[2011,5652],[2012,5817],[2013,6049],[2014,6971],[2015,6740],[2016,6632],[2017,6593],[2018,6486],[2019,6369],[2020,8066]]}\n};\nflot_this('press20200416b')\n<\/script><\/p>\n<p>Karolinska institutet fick flest ans\u00f6kningar till l\u00e4karprogram.<\/p>\n<pre>6.085 Karolinska institutet\r\n5.745 G\u00f6teborgs universitet\r\n5.684 Uppsala universitet\r\n5.276 Link\u00f6pings universitet\r\n5.141 \u00d6rebro universitet\r\n4.972 Lunds universitet\r\n4.872 Ume\u00e5 universitet<\/pre>\n<p>Karolinska institutet fick \u00e4ven flest f\u00f6rstahandsans\u00f6kningar till l\u00e4karprogram.<\/p>\n<pre>2.286 Karolinska institutet\r\n1.400 Lunds universitet\r\n1.378 G\u00f6teborgs universitet\r\n1.034 Uppsala universitet\r\n  737 Ume\u00e5 universitet\r\n  632 \u00d6rebro universitet\r\n  599 Link\u00f6pings universitet<\/pre>\n<p>K\u00e4llor:<br \/>\n<a href=\"https:\/\/www.uhr.se\/om-uhr\/nyheter\/pressmeddelanden\/2020-pressmeddelanden\/rekordmanga-anmalda-till-hogskolan-i-host\/\">UHR: Rekordm\u00e5nga anm\u00e4lda till h\u00f6gskolan i h\u00f6st<\/a><br \/>\n<a href=\"https:\/\/www.uhr.se\/om-uhr\/nyheter\/2020\/drygt-407-000-anmalda-till-hogskoleutbildningar-hosten-2020\/\">UHR: Drygt 407 000 anm\u00e4lda till h\u00f6gskoleutbildningar ht2020<\/a><br \/>\n<a href=\"https:\/\/www.uhr.se\/studier-och-antagning\/Antagningsstatistik\/analyser-av-antagningsstatistik\/ \">UHR: Analyser av antagningsstatistik<\/a><br \/>\n<a href=\"https:\/\/statistik.uhr.se\/\">UHR:s statistikfunktion<\/a><\/p>\n","protected":false},"excerpt":{"rendered":"<p>Pandemin har f\u00e5tt ans\u00f6kande att flockas till l\u00e4karprogrammet. Vid ans\u00f6kningsstoppet hade det totala antalet ans\u00f6kningar \u00f6kat med 23 % fr\u00e5n f\u00f6rra h\u00f6stterminen, och antalet med l\u00e4karprogram som f\u00f6rstahandsval slog ett nytt rekord med mycket stor marginal &#8211; fr\u00e5n 6.971 till &hellip; <a href=\"https:\/\/xn--lkarstudent-l8a.se\/press\/2020\/04\/rekordmanga-ansokte-till-lakarprogram-i-forsta-hand\/\">L\u00e4s mer <span class=\"meta-nav\">&rarr;<\/span><\/a><\/p>\n","protected":false},"author":1,"featured_media":0,"comment_status":"closed","ping_status":"closed","sticky":false,"template":"","format":"standard","meta":[],"categories":[5],"tags":[],"_links":{"self":[{"href":"https:\/\/xn--lkarstudent-l8a.se\/press\/wp-json\/wp\/v2\/posts\/1795"}],"collection":[{"href":"https:\/\/xn--lkarstudent-l8a.se\/press\/wp-json\/wp\/v2\/posts"}],"about":[{"href":"https:\/\/xn--lkarstudent-l8a.se\/press\/wp-json\/wp\/v2\/types\/post"}],"author":[{"embeddable":true,"href":"https:\/\/xn--lkarstudent-l8a.se\/press\/wp-json\/wp\/v2\/users\/1"}],"replies":[{"embeddable":true,"href":"https:\/\/xn--lkarstudent-l8a.se\/press\/wp-json\/wp\/v2\/comments?post=1795"}],"version-history":[{"count":156,"href":"https:\/\/xn--lkarstudent-l8a.se\/press\/wp-json\/wp\/v2\/posts\/1795\/revisions"}],"predecessor-version":[{"id":1945,"href":"https:\/\/xn--lkarstudent-l8a.se\/press\/wp-json\/wp\/v2\/posts\/1795\/revisions\/1945"}],"wp:attachment":[{"href":"https:\/\/xn--lkarstudent-l8a.se\/press\/wp-json\/wp\/v2\/media?parent=1795"}],"wp:term":[{"taxonomy":"category","embeddable":true,"href":"https:\/\/xn--lkarstudent-l8a.se\/press\/wp-json\/wp\/v2\/categories?post=1795"},{"taxonomy":"post_tag","embeddable":true,"href":"https:\/\/xn--lkarstudent-l8a.se\/press\/wp-json\/wp\/v2\/tags?post=1795"}],"curies":[{"name":"wp","href":"https:\/\/api.w.org\/{rel}","templated":true}]}}