{"id":1663,"date":"2017-11-22T17:18:13","date_gmt":"2017-11-22T16:18:13","guid":{"rendered":"http:\/\/xn--lkarstudent-l8a.se\/press\/?p=1663"},"modified":"2017-11-24T03:59:39","modified_gmt":"2017-11-24T02:59:39","slug":"regeringen-foreslar-ny-lakarutbildning","status":"publish","type":"post","link":"https:\/\/xn--lkarstudent-l8a.se\/press\/2017\/11\/regeringen-foreslar-ny-lakarutbildning\/","title":{"rendered":"Regeringen f\u00f6resl\u00e5r ny l\u00e4karutbildning"},"content":{"rendered":"<p>Det st\u00e5r nu klart att Sverige f\u00e5r ett 6-\u00e5rigt l\u00e4karprogram med legitimation vid examen, d\u00e4r AT ers\u00e4tts med en ett\u00e5rig bastj\u00e4nstg\u00f6ring. Bastj\u00e4nstg\u00f6ringen ska omfatta \u00e4ven dem med l\u00e4karlegitimation fr\u00e5n examen vid europeisk l\u00e4karutbildning. F\u00f6rsta antagningen till den nya l\u00e4karutbildningen sker h\u00f6stterminen 2020 (prelimin\u00e4rt).<\/p>\n<p><em>(OBS! Sj\u00e4lva beslutet om ett inf\u00f6rande \u00e4r \u00e4nnu inte fattat och f\u00f6rslaget kan d\u00e4rf\u00f6r fortfarande avsl\u00e5s, i teorin. Det \u00e4r dock mycket ovanligt med stora \u00f6verraskningar n\u00e4r fr\u00e5gor, som \u00e4r s\u00e5 tekniska som denna, har kommit s\u00e5 h\u00e4r l\u00e5ngt i den politiska processen.)<\/em><\/p>\n<p><a href=\"http:\/\/www.regeringen.se\/rattsdokument\/departementsserien-och-promemorior\/2017\/11\/ds-201756\/\">Regeringens f\u00f6rslag<\/a><br \/>\n<a href=\"http:\/\/lakartidningen.se\/Aktuellt\/Nyheter\/2017\/11\/Nytt-steg-mot-6-arig-lakarutbildning\/\">L\u00e4kartidningen: Nytt steg mot 6-\u00e5rig l\u00e4karutbildning<\/a><br \/>\n<a href=\"http:\/\/lakartidningen.se\/Aktuellt\/Nyheter\/2017\/11\/Socialdepartementet-foreslar-bastjanstgoring-for-lakare\/\">L\u00e4kartidningen: Socialdepartementet f\u00f6resl\u00e5r bastj\u00e4nstg\u00f6ring<\/a><br \/>\n<a href=\"https:\/\/www.dagensmedicin.se\/artiklar\/2017\/11\/22\/regeringen-vill-ha-bastjanstgoring-for-lakare\/\">Dagens Medicin: Regeringen vill ha bastj\u00e4nstg\u00f6ring f\u00f6r l\u00e4kare<\/a><br \/>\n<a href=\"http:\/\/www.regeringen.se\/pressmeddelanden\/2017\/11\/bastjanstgoring-foreslas-for-lakare\/\">Socialdepartementet: Bastj\u00e4nstg\u00f6ring f\u00f6resl\u00e5s f\u00f6r l\u00e4kare<\/a><\/p>\n","protected":false},"excerpt":{"rendered":"<p>Det st\u00e5r nu klart att Sverige f\u00e5r ett 6-\u00e5rigt l\u00e4karprogram med legitimation vid examen, d\u00e4r AT ers\u00e4tts med en ett\u00e5rig bastj\u00e4nstg\u00f6ring. Bastj\u00e4nstg\u00f6ringen ska omfatta \u00e4ven dem med l\u00e4karlegitimation fr\u00e5n examen vid europeisk l\u00e4karutbildning. F\u00f6rsta antagningen till den nya l\u00e4karutbildningen sker &hellip; <a href=\"https:\/\/xn--lkarstudent-l8a.se\/press\/2017\/11\/regeringen-foreslar-ny-lakarutbildning\/\">L\u00e4s mer <span class=\"meta-nav\">&rarr;<\/span><\/a><\/p>\n","protected":false},"author":1,"featured_media":0,"comment_status":"closed","ping_status":"closed","sticky":false,"template":"","format":"standard","meta":[],"categories":[4],"tags":[],"_links":{"self":[{"href":"https:\/\/xn--lkarstudent-l8a.se\/press\/wp-json\/wp\/v2\/posts\/1663"}],"collection":[{"href":"https:\/\/xn--lkarstudent-l8a.se\/press\/wp-json\/wp\/v2\/posts"}],"about":[{"href":"https:\/\/xn--lkarstudent-l8a.se\/press\/wp-json\/wp\/v2\/types\/post"}],"author":[{"embeddable":true,"href":"https:\/\/xn--lkarstudent-l8a.se\/press\/wp-json\/wp\/v2\/users\/1"}],"replies":[{"embeddable":true,"href":"https:\/\/xn--lkarstudent-l8a.se\/press\/wp-json\/wp\/v2\/comments?post=1663"}],"version-history":[{"count":31,"href":"https:\/\/xn--lkarstudent-l8a.se\/press\/wp-json\/wp\/v2\/posts\/1663\/revisions"}],"predecessor-version":[{"id":1694,"href":"https:\/\/xn--lkarstudent-l8a.se\/press\/wp-json\/wp\/v2\/posts\/1663\/revisions\/1694"}],"wp:attachment":[{"href":"https:\/\/xn--lkarstudent-l8a.se\/press\/wp-json\/wp\/v2\/media?parent=1663"}],"wp:term":[{"taxonomy":"category","embeddable":true,"href":"https:\/\/xn--lkarstudent-l8a.se\/press\/wp-json\/wp\/v2\/categories?post=1663"},{"taxonomy":"post_tag","embeddable":true,"href":"https:\/\/xn--lkarstudent-l8a.se\/press\/wp-json\/wp\/v2\/tags?post=1663"}],"curies":[{"name":"wp","href":"https:\/\/api.w.org\/{rel}","templated":true}]}}