{"id":165,"date":"2014-02-22T14:09:33","date_gmt":"2014-02-22T13:09:33","guid":{"rendered":"http:\/\/xn--lkarstudent-l8a.se\/press\/?p=165"},"modified":"2015-11-27T19:15:08","modified_gmt":"2015-11-27T18:15:08","slug":"beslut-om-nytt-svenskt-lakarprogram-redan-till-hosten","status":"publish","type":"post","link":"https:\/\/xn--lkarstudent-l8a.se\/press\/2014\/02\/beslut-om-nytt-svenskt-lakarprogram-redan-till-hosten\/","title":{"rendered":"Beslut om nytt svenskt l\u00e4karprogram till h\u00f6sten?"},"content":{"rendered":"<p>Beslut om ett nytt l\u00e4karprogram vid Linn\u00e9universitetet kan komma redan till h\u00f6sten &#8211; s\u00e4rskilt ifall Milj\u00f6partiet vinner inflytande \u00f6ver utbildningspolitiken.<\/p>\n<p>Sedan tidigare \u00e4r det allm\u00e4nt k\u00e4nt att f\u00f6ruts\u00e4ttningen f\u00f6r att det t\u00e4nkta nya l\u00e4karprogrammet i Kalmar ska bli av \u00e4r att Lunds universitets l\u00e4karprogram <a href=\"http:\/\/sverigesradio.se\/sida\/artikel.aspx?artikel=5278615\">tilldelas fler platser<\/a>. Milj\u00f6partiet gjorde nyligen ett utspel om fler platser vid l\u00e4karprogrammen, varav vilka <a href=\"http:\/\/www.skanskan.se\/article\/20130921\/ESLOV\/130929887\/-\/vill-satsa-halv-miljard-pa-lakarutbildning\">50 \u00e4r avsedda f\u00f6r Lunds universitet<\/a>.<\/p>\n<p>Ifall Milj\u00f6partiet vinner inflytande \u00f6ver denna aspekt av utbildningspolitiken efter h\u00f6stens riksdagsval s\u00e5 kan det allts\u00e5 redan vid h\u00f6stbudgeten i \u00e5r st\u00e5 klart att det blir ett nytt l\u00e4karprogram vid Linn\u00e9universitetet \u00e5r 2015. Milj\u00f6partiet kan uppn\u00e5 detta genom att antingen ing\u00e5 i en koalitionsregering (tillsammans med Socialdemokraterna och kanske \u00e4ven V\u00e4nsterpartiet) eller genom att f\u00f6rhandla med en borgerlig minoritetsregering.<\/p>\n<p>\u00c4ven ifall Milj\u00f6partiet inte skulle vinna inflytande \u00f6ver utbildningspolitiken s\u00e5 kan detta \u00e4nd\u00e5 bli verklighet, med tanke p\u00e5 att den borgerliga regeringen vill ut\u00f6ka l\u00e4karprogrammen med <a href=\"\/forum\/viewtopic.php?t=2825\">ytterligare 170 platser<\/a>. Den borgerliga regeringen har dock inte angett i f\u00f6rv\u00e4g var dessa platser skulle tillkomma.<\/p>\n<p>Man kan diskutera huruvida en ut\u00f6kning av l\u00e4karprogrammen egentligen beh\u00f6vs och huruvida Sverige egentligen har en brist p\u00e5 l\u00e4kare eller om det snarare r\u00f6r sig om ett ineffektivt anv\u00e4ndande av de m\u00e5nga l\u00e4kare som redan finns. Ifall en ut\u00f6kning av de svenska l\u00e4karprogrammen skall ske n\u00e5gonstans s\u00e5 f\u00f6refaller det dock vara en god id\u00e9 att den sker p\u00e5 en ny plats d\u00e4r det inte redan tr\u00e4ngs s\u00e5 m\u00e5nga att <a href=\"http:\/\/www.slf.se\/MSF\/Vi-tycker\/Enkater\/Handledningsenkat\/Klinisk-handledning-\/\">den kliniska handledningen blir lidande<\/a>.<\/p>\n<p>Omd\u00f6men fr\u00e5n l\u00e4karstudenter vid utlokaliseringsorterna (Helsingborg fr\u00e5n Lund\/Malm\u00f6 samt Lule\u00e5, Sundsvall och \u00d6stersund fr\u00e5n Ume\u00e5) talar f\u00f6r att nya kliniska utbildningsplatser p\u00e5 &#8220;jungfrulig mark&#8221;, i regi av ett redan etablerat l\u00e4karprogram, kan ge ett mycket gott resultat (om \u00e4n mer kostsamt per student \u00e4n vid centralorterna).<\/p>\n<p>Linn\u00e9universitetet h\u00e5ller \u00e4ven en relativt god niv\u00e5 p\u00e5 den &#8220;prekliniska&#8221; forskningen, vilket talar f\u00f6r att \u00e4ven den t\u00e4nkta prekliniska undervisningen i <a href=\"http:\/\/lnu.se\/om-lnu\/1.64609\/samarbete-for-att-losa-sveriges-lakarbrist-\">lundensisk regi<\/a> skulle ha f\u00f6ruts\u00e4ttningar f\u00f6r att fungera v\u00e4l.<\/p>\n","protected":false},"excerpt":{"rendered":"<p>Beslut om ett nytt l\u00e4karprogram vid Linn\u00e9universitetet kan komma redan till h\u00f6sten &#8211; s\u00e4rskilt ifall Milj\u00f6partiet vinner inflytande \u00f6ver utbildningspolitiken. Sedan tidigare \u00e4r det allm\u00e4nt k\u00e4nt att f\u00f6ruts\u00e4ttningen f\u00f6r att det t\u00e4nkta nya l\u00e4karprogrammet i Kalmar ska bli av \u00e4r &hellip; <a href=\"https:\/\/xn--lkarstudent-l8a.se\/press\/2014\/02\/beslut-om-nytt-svenskt-lakarprogram-redan-till-hosten\/\">L\u00e4s mer <span class=\"meta-nav\">&rarr;<\/span><\/a><\/p>\n","protected":false},"author":1,"featured_media":0,"comment_status":"closed","ping_status":"closed","sticky":false,"template":"","format":"standard","meta":[],"categories":[4],"tags":[],"_links":{"self":[{"href":"https:\/\/xn--lkarstudent-l8a.se\/press\/wp-json\/wp\/v2\/posts\/165"}],"collection":[{"href":"https:\/\/xn--lkarstudent-l8a.se\/press\/wp-json\/wp\/v2\/posts"}],"about":[{"href":"https:\/\/xn--lkarstudent-l8a.se\/press\/wp-json\/wp\/v2\/types\/post"}],"author":[{"embeddable":true,"href":"https:\/\/xn--lkarstudent-l8a.se\/press\/wp-json\/wp\/v2\/users\/1"}],"replies":[{"embeddable":true,"href":"https:\/\/xn--lkarstudent-l8a.se\/press\/wp-json\/wp\/v2\/comments?post=165"}],"version-history":[{"count":38,"href":"https:\/\/xn--lkarstudent-l8a.se\/press\/wp-json\/wp\/v2\/posts\/165\/revisions"}],"predecessor-version":[{"id":1287,"href":"https:\/\/xn--lkarstudent-l8a.se\/press\/wp-json\/wp\/v2\/posts\/165\/revisions\/1287"}],"wp:attachment":[{"href":"https:\/\/xn--lkarstudent-l8a.se\/press\/wp-json\/wp\/v2\/media?parent=165"}],"wp:term":[{"taxonomy":"category","embeddable":true,"href":"https:\/\/xn--lkarstudent-l8a.se\/press\/wp-json\/wp\/v2\/categories?post=165"},{"taxonomy":"post_tag","embeddable":true,"href":"https:\/\/xn--lkarstudent-l8a.se\/press\/wp-json\/wp\/v2\/tags?post=165"}],"curies":[{"name":"wp","href":"https:\/\/api.w.org\/{rel}","templated":true}]}}