{"id":130,"date":"2014-01-31T17:49:39","date_gmt":"2014-01-31T16:49:39","guid":{"rendered":"http:\/\/xn--lkarstudent-l8a.se\/press\/?p=130"},"modified":"2015-11-27T19:23:56","modified_gmt":"2015-11-27T18:23:56","slug":"mycket-lattare-att-bli-antagen-i-norge-an-i-sverige","status":"publish","type":"post","link":"https:\/\/xn--lkarstudent-l8a.se\/press\/2014\/01\/mycket-lattare-att-bli-antagen-i-norge-an-i-sverige\/","title":{"rendered":"Mycket l\u00e4ttare att bli antagen i Norge \u00e4n i Sverige"},"content":{"rendered":"<p>V\u00e5rens reservintag till de svenska l\u00e4karprogrammen \u00e4r snart \u00f6ver. F\u00f6r dem som inte blev antagna s\u00e5 finns det dock ett alternativ n\u00e4ra till hands: Norge har mycket l\u00e4gre antagningsgr\u00e4nser &#8211; och till skillnad fr\u00e5n de \u00f6steuropeiska l\u00e4karprogrammen s\u00e5 beh\u00f6ver svenska studenter inte betala n\u00e5gra studie-avgifter. Man f\u00e5r \u00e4ven skriva tentorna p\u00e5 svenska.<\/p>\n<p>&#8211; \u201dDet \u00e4r faktiskt lite konstigt att inte fler svenskar har uppt\u00e4ckt Norge, med tanke p\u00e5 hur popul\u00e4rt Danmark var f\u00f6r n\u00e5gra \u00e5r sedan n\u00e4r det var l\u00e4ttare att bli antagen d\u00e4r,\u201d menar l\u00e4karstudenten Nils Karlsson som driver sajten l\u00e4karstudent.se.<\/p>\n<p>F\u00f6r den som inte \u00e4r \u00e4ldre \u00e4n 21 \u00e5r \u00e4r <strong>f\u00f8rstegangsvitnem\u00e5l-kvoten<\/strong> det fr\u00e4msta alternativet, s\u00e4rskilt ifall man n\u00e5r upp till 4 po\u00e4ng fr\u00e5n realfagspoeng och spr\u00e5kpoeng (norska meritpo\u00e4ng).<\/p>\n<p>F\u00f6r den som \u00e4r \u00e4ldre \u00e4n 21 \u00e5r \u00e4r det ist\u00e4llet <strong>ordin\u00e6r-kvoten<\/strong> som g\u00e4ller och d\u00e4r kan man ut\u00f6ver sitt betygsgenomsnitt f\u00e5 4 realfagspoeng+spr\u00e5kpoeng, 8 alderspoeng samt 2 po\u00e4ng f\u00f6r h\u00f6gre utbildning, milit\u00e4rtj\u00e4nstg\u00f6ring, civil-tj\u00e4nstg\u00f6ring eller folkh\u00f6gskola.<\/p>\n<p>Diagrammen nedanf\u00f6r visar vilka svenska betygsgenomsnitt som kunde ge antagning i Norge n\u00e4r man har r\u00e4knat bort m\u00f6jliga meritpo\u00e4ng. Det f\u00f6rsta diagrammet visar ordin\u00e6r-kvoten j\u00e4mf\u00f6rt med BII-kvoten och det andra diagrammet visar f\u00f8rstegangsvitnem\u00e5l-kvoten j\u00e4mf\u00f6rt med BI-kvoten.<\/p>\n<p>Den 1 februari b\u00f6rjar ans\u00f6kningsperioden till b\u00e5de h\u00f6stterminen 2014 (alla orter) och v\u00e5rterminen 2015 (Oslo).<br \/>\n<script type=\"text\/javascript\">\nvar options = {series: { lines: { show: true }, points: { show: true } }, grid: { hoverable: true, clickable: true }, legend: { position: \"sw\", noColumns: 2 }, xaxis: { min: 2011.5, max: 2014, tickDecimals: 0, tickFormatter: htvt }, yaxis: { min: 18, max: 20 }};\nvar press5b = {'uoht': {color: '#ED1C24', label: 'Universitetet i Oslo (start h\u00f6sttermin)', data: [[2011.5,19.10],[2012.5,19.10],[2013.5,19.10]]},'uovt': {color: '#ED1C24', label: 'Universitetet i Oslo (start v\u00e5rtermin)', data: [[2012,18.80],[2013,18.90],[2014,18.90]]},'ub': {color: '#005573', label: 'Norges teknisk-naturvitenskapelige universitet', data: [[2011.5,18.80],[2012.5,18.80],[2013.5,18.90]]},'ntnu': {color: '#01509F', label: 'Universitetet i Bergen', data: [[2011.5,18.70],[2012.5,18.80],[2013.5,18.90]]},'ut': {color: '#DDDDDD', label: 'Universitetet i Troms\u00f8', data: [[2011.5,18.60],[2012.5,18.70],[2013.5,18.80]]},'sve': {color: '#FECB00', label: 'Sveriges l\u00e4gsta genomsnitt (BII, urval 2)', data: [[2011.5,20.00],[2012,19.80],[2012.5,19.85],[2013,19.71],[2013.5,20.00],[2014,19.60]]}};\nflot_this('press5b')\n<\/script><br \/>\n<script type=\"text\/javascript\">\nvar options = {series: { lines: { show: true }, points: { show: true } }, grid: { hoverable: true, clickable: true }, legend: { position: \"sw\", noColumns: 2 }, xaxis: { min: 2011.5, max: 2014, tickDecimals: 0, tickFormatter: htvt }, yaxis: { min: 18, max: 20 }};\nvar press5a = {'uoht': {color: '#ED1C24', label: 'Universitetet i Oslo (start h\u00f6sttermin)', data: [[2011.5,19.30],[2012.5,19.20],[2013.5,19.30]]},'uovt': {color: '#ED1C24', label: 'Universitetet i Oslo (start v\u00e5rtermin)', data: [[2012,19.10],[2013,18.90],[2014,19.00]]},'ub': {color: '#005573', label: 'Norges teknisk-naturvitenskapelige universitet', data: [[2011.5,19.20],[2012.5,19.30],[2013.5,19.40]]},'ntnu': {color: '#01509F', label: 'Universitetet i Bergen', data: [[2011.5,19.00],[2012.5,18.90],[2013.5,19.00]]},'ut': {color: '#DDDDDD', label: 'Universitetet i Troms\u00f8', data: [[2011.5,18.90],[2012.5,18.90],[2013.5,18.90]]},'sve': {color: '#FECB00', label: 'Sveriges l\u00e4gsta genomsnitt (BI, urval 2)', data: [[2011.5,19.69],[2012,19.23],[2012.5,19.63],[2013,19.15],[2013.5,19.60],[2014,19.20]]}};\nflot_this('press5a')\n<\/script><\/p>\n<p>L\u00e4nkar f\u00f6r vidare l\u00e4sning:<br \/>\n<a href=\"http:\/\/www.uio.no\/studier\/opptak\/spesielle-krav\/\" title=\"Norges s\u00e4rskilda beh\u00f6righetskrav\">Norges s\u00e4rskilda beh\u00f6righetskrav<\/a><br \/>\n<a href=\"http:\/\/www.samordnaopptak.no\/info\/utenlandsk_utdanning\/sverige\/spesielle-opptakskrav\/\" title=\"De norska kursernas svenska motsvarigheter\">De norska kursernas svenska motsvarigheter<\/a><br \/>\n<a href=\"http:\/\/www.samordnaopptak.no\/info\/utenlandsk_utdanning\/sverige\/poengberegning\/#Gjennomsnitt%20omregnet%20til%20norsk\" title=\"Omr\u00e4kning av betygsgenomsnitt (Sverige till Norge)\">Omr\u00e4kning av betygsgenomsnitt<\/a>, multipliceras med 10<br \/>\n<a href=\"http:\/\/www.samordnaopptak.no\/info\/utenlandsk_utdanning\/sverige\/poengberegning\/#Spr%C3%A5k-%20og%20realfagspoeng\" title=\"Realfagspoeng och spr\u00e5kpoeng\">Realfagspoeng och spr\u00e5kpoeng<\/a><br \/>\n<a href=\"http:\/\/www.samordnaopptak.no\/info\/opptak\/poengberegning\/legge-til-poeng\/alderspoeng\/index.html\" title=\"Alderspoeng\">Alderspoeng<\/a><br \/>\n<a href=\"http:\/\/www.samordnaopptak.no\/info\/opptak\/poengberegning\/legge-til-poeng\/tilleggspoeng\/\" title=\"Tilleggspoeng\">Tilleggspoeng<\/a><br \/>\n<a href=\"http:\/\/xn--lkarstudent-l8a.se\/norge.html#statistik\" title=\"l\u00e4karstudent.se:s sammanst\u00e4llning av norska antagningsgr\u00e4nser\">l\u00e4karstudent.se-sammanst\u00e4llning av norska antagningsgr\u00e4nser<\/a><\/p>\n","protected":false},"excerpt":{"rendered":"<p>V\u00e5rens reservintag till de svenska l\u00e4karprogrammen \u00e4r snart \u00f6ver. F\u00f6r dem som inte blev antagna s\u00e5 finns det dock ett alternativ n\u00e4ra till hands: Norge har mycket l\u00e4gre antagningsgr\u00e4nser &#8211; och till skillnad fr\u00e5n de \u00f6steuropeiska l\u00e4karprogrammen s\u00e5 beh\u00f6ver svenska &hellip; <a href=\"https:\/\/xn--lkarstudent-l8a.se\/press\/2014\/01\/mycket-lattare-att-bli-antagen-i-norge-an-i-sverige\/\">L\u00e4s mer <span class=\"meta-nav\">&rarr;<\/span><\/a><\/p>\n","protected":false},"author":1,"featured_media":0,"comment_status":"closed","ping_status":"closed","sticky":false,"template":"","format":"standard","meta":[],"categories":[5],"tags":[],"_links":{"self":[{"href":"https:\/\/xn--lkarstudent-l8a.se\/press\/wp-json\/wp\/v2\/posts\/130"}],"collection":[{"href":"https:\/\/xn--lkarstudent-l8a.se\/press\/wp-json\/wp\/v2\/posts"}],"about":[{"href":"https:\/\/xn--lkarstudent-l8a.se\/press\/wp-json\/wp\/v2\/types\/post"}],"author":[{"embeddable":true,"href":"https:\/\/xn--lkarstudent-l8a.se\/press\/wp-json\/wp\/v2\/users\/1"}],"replies":[{"embeddable":true,"href":"https:\/\/xn--lkarstudent-l8a.se\/press\/wp-json\/wp\/v2\/comments?post=130"}],"version-history":[{"count":28,"href":"https:\/\/xn--lkarstudent-l8a.se\/press\/wp-json\/wp\/v2\/posts\/130\/revisions"}],"predecessor-version":[{"id":1294,"href":"https:\/\/xn--lkarstudent-l8a.se\/press\/wp-json\/wp\/v2\/posts\/130\/revisions\/1294"}],"wp:attachment":[{"href":"https:\/\/xn--lkarstudent-l8a.se\/press\/wp-json\/wp\/v2\/media?parent=130"}],"wp:term":[{"taxonomy":"category","embeddable":true,"href":"https:\/\/xn--lkarstudent-l8a.se\/press\/wp-json\/wp\/v2\/categories?post=130"},{"taxonomy":"post_tag","embeddable":true,"href":"https:\/\/xn--lkarstudent-l8a.se\/press\/wp-json\/wp\/v2\/tags?post=130"}],"curies":[{"name":"wp","href":"https:\/\/api.w.org\/{rel}","templated":true}]}}