{"id":115,"date":"2013-11-23T15:40:15","date_gmt":"2013-11-23T14:40:15","guid":{"rendered":"http:\/\/xn--lkarstudent-l8a.se\/press\/?p=115"},"modified":"2015-11-27T19:28:40","modified_gmt":"2015-11-27T18:28:40","slug":"mycket-snabb-okning-av-seniora-lakare-i-sverige","status":"publish","type":"post","link":"https:\/\/xn--lkarstudent-l8a.se\/press\/2013\/11\/mycket-snabb-okning-av-seniora-lakare-i-sverige\/","title":{"rendered":"Mycket snabb \u00f6kning av seniora l\u00e4kare i Sverige"},"content":{"rendered":"<p>En allt st\u00f6rre andel av l\u00e4karna v\u00e4ljer att forts\u00e4tta arbeta bortom 65 \u00e5rs \u00e5lder; p\u00e5 bara tio \u00e5r har frekvensen \u00f6kat fr\u00e5n 43 % till 70 %, enligt ber\u00e4kningar som baseras p\u00e5 siffror fr\u00e5n Socialstyrelsens statistikdatabas. Om utvecklingen h\u00e5ller i sig kan Sverige \u00e5r 2025 ha n\u00e4rmare 5.900 yrkesaktiva seniora l\u00e4kare, varav drygt 2.200 med en \u00e5lder p\u00e5 minst 70 \u00e5r.<\/p>\n<p>Frekvensen f\u00f6r hur ofta l\u00e4kare i \u00e5ldern 60-64 \u00e5r fortfarande var yrkes-verksamma fem \u00e5r senare skulle d\u00e5 ha \u00f6kat till 88 % inf\u00f6r \u00e5r 2025 och frekvensen f\u00f6r hur ofta l\u00e4kare i \u00e5ldern 65-69 \u00e5r fortfarande arbetar efter 70+ skulle samtidigt ha \u00f6kat fr\u00e5n 47 % till 61 %, givet att den genomsnittliga utvecklingstakten forts\u00e4tter. Detta s\u00e4ger dock ingenting om syssels\u00e4ttnings-graden hos de seniora l\u00e4karna, som kan vilja trappa ned arbetstiden.<\/p>\n<p>&#8211; &#8220;Trots allt administrativt arbete \u00e4r l\u00e4karyrket fortfarande ett v\u00e4ldigt givande yrke,&#8221; menar l\u00e4karstudenten Nils Karlsson som driver sajten l\u00e4karstudent.se. &#8220;Jag kan sj\u00e4lv t\u00e4nka mig att v\u00e4nta med heltidspension tills jag \u00e4r minst 75 \u00e5r.&#8221;<\/p>\n<p><script type=\"text\/javascript\">\nvar options = {\nseries: { lines: { show: true }, points: { show: true } },\ngrid: { hoverable: true, clickable: true },\nlegend: { position: \"nw\", noColumns: 1 },\nxaxis: { },\nyaxis: { }\n};\nvar press4 = {'lakare_65': {color: '#444444', label: 'L\u00e4kare 65-69 \u00e5r relativt l\u00e4kare 60-64 \u00e5r fem \u00e5r tidigare', data: [[2000,43.33],[2001,47.36],[2002,56.67],[2003,60.60],[2004,62.71],[2005,62.56],[2006,65.08],[2007,66.06],[2008,68.19],[2009,71.01],[2010,69.52]]}};\nflot_this('press4')\n<\/script><\/p>\n<p>Utf\u00f6rligare material:<br \/>\n<a href=\"\/sverige.html#alder\">\u00c5ldersf\u00f6rdelning bland l\u00e4kare<\/a><\/p>\n<p>K\u00e4lla till r\u00e5data f\u00f6r ber\u00e4kningar:<br \/>\n<a href=\"http:\/\/www.socialstyrelsen.se\/statistik\/statistikdatabas\">Socialstyrelsens statistikdatabas<\/a><\/p>\n","protected":false},"excerpt":{"rendered":"<p>En allt st\u00f6rre andel av l\u00e4karna v\u00e4ljer att forts\u00e4tta arbeta bortom 65 \u00e5rs \u00e5lder; p\u00e5 bara tio \u00e5r har frekvensen \u00f6kat fr\u00e5n 43 % till 70 %, enligt ber\u00e4kningar som baseras p\u00e5 siffror fr\u00e5n Socialstyrelsens statistikdatabas. Om utvecklingen h\u00e5ller i &hellip; <a href=\"https:\/\/xn--lkarstudent-l8a.se\/press\/2013\/11\/mycket-snabb-okning-av-seniora-lakare-i-sverige\/\">L\u00e4s mer <span class=\"meta-nav\">&rarr;<\/span><\/a><\/p>\n","protected":false},"author":1,"featured_media":0,"comment_status":"closed","ping_status":"closed","sticky":false,"template":"","format":"standard","meta":[],"categories":[5],"tags":[],"_links":{"self":[{"href":"https:\/\/xn--lkarstudent-l8a.se\/press\/wp-json\/wp\/v2\/posts\/115"}],"collection":[{"href":"https:\/\/xn--lkarstudent-l8a.se\/press\/wp-json\/wp\/v2\/posts"}],"about":[{"href":"https:\/\/xn--lkarstudent-l8a.se\/press\/wp-json\/wp\/v2\/types\/post"}],"author":[{"embeddable":true,"href":"https:\/\/xn--lkarstudent-l8a.se\/press\/wp-json\/wp\/v2\/users\/1"}],"replies":[{"embeddable":true,"href":"https:\/\/xn--lkarstudent-l8a.se\/press\/wp-json\/wp\/v2\/comments?post=115"}],"version-history":[{"count":18,"href":"https:\/\/xn--lkarstudent-l8a.se\/press\/wp-json\/wp\/v2\/posts\/115\/revisions"}],"predecessor-version":[{"id":1301,"href":"https:\/\/xn--lkarstudent-l8a.se\/press\/wp-json\/wp\/v2\/posts\/115\/revisions\/1301"}],"wp:attachment":[{"href":"https:\/\/xn--lkarstudent-l8a.se\/press\/wp-json\/wp\/v2\/media?parent=115"}],"wp:term":[{"taxonomy":"category","embeddable":true,"href":"https:\/\/xn--lkarstudent-l8a.se\/press\/wp-json\/wp\/v2\/categories?post=115"},{"taxonomy":"post_tag","embeddable":true,"href":"https:\/\/xn--lkarstudent-l8a.se\/press\/wp-json\/wp\/v2\/tags?post=115"}],"curies":[{"name":"wp","href":"https:\/\/api.w.org\/{rel}","templated":true}]}}